[{"@context":"https:\/\/schema.org\/","@type":"Article","@id":"https:\/\/www.hetcl.cz\/dum-na-kraji-mesta\/#Article","mainEntityOfPage":"https:\/\/www.hetcl.cz\/dum-na-kraji-mesta\/","headline":"D\u016fm na kraji m\u011bsta","name":"D\u016fm na kraji m\u011bsta","description":"J\u00e1 v\u017edycky jsem cht\u011bla m\u00edt opravdu kr\u00e1sn\u00fd d\u016fm. U\u017e jako mal\u00e1 holka jsem si v\u017edycky p\u0159edstavovala, jak to u m\u011b doma v byt\u011b bude vypadat bu\u010f v byt\u011b nebo v dom\u011b. V\u017edycky jsem to cht\u011bla m\u00edt opravdu kr\u00e1sn\u011b a minim\u00e1ln\u011b za\u0159\u00edzen\u00e9. Cht\u011bla jsem to m\u00edt tak\u00e9 v\u0161echno ve sv\u011btl\u00fdch barv\u00e1ch, jenom\u017ee kdy\u017e potom jsme s [&hellip;]","datePublished":"2024-02-28","dateModified":"2024-02-28","author":{"@type":"Person","@id":"https:\/\/www.hetcl.cz\/author\/#Person","name":"","url":"https:\/\/www.hetcl.cz\/author\/","identifier":1,"image":{"@type":"ImageObject","@id":"https:\/\/secure.gravatar.com\/avatar\/40308b9402d145b1dc164f447b6506e9dadca8c8362c3ffb52df95e789c0fd10?s=96&d=mm&r=g","url":"https:\/\/secure.gravatar.com\/avatar\/40308b9402d145b1dc164f447b6506e9dadca8c8362c3ffb52df95e789c0fd10?s=96&d=mm&r=g","height":96,"width":96}},"publisher":{"@type":"Organization","name":"hetcl.cz","logo":{"@type":"ImageObject","@id":"\/logo.png","url":"\/logo.png","width":600,"height":60}},"image":{"@type":"ImageObject","@id":"https:\/\/www.hetcl.cz\/wp-content\/uploads\/architecture-1719526_640_10_4.jpg","url":"https:\/\/www.hetcl.cz\/wp-content\/uploads\/architecture-1719526_640_10_4.jpg","height":0,"width":0},"url":"https:\/\/www.hetcl.cz\/dum-na-kraji-mesta\/","about":["D\u016fm"],"wordCount":434,"articleBody":"J\u00e1 v\u017edycky jsem cht\u011bla m\u00edt opravdu kr\u00e1sn\u00fd d\u016fm. U\u017e jako mal\u00e1 holka jsem si v\u017edycky p\u0159edstavovala, jak to u m\u011b doma v byt\u011b bude vypadat bu\u010f v byt\u011b nebo v dom\u011b. V\u017edycky jsem to cht\u011bla m\u00edt opravdu kr\u00e1sn\u011b a minim\u00e1ln\u011b za\u0159\u00edzen\u00e9. Cht\u011bla jsem to m\u00edt tak\u00e9 v\u0161echno ve sv\u011btl\u00fdch barv\u00e1ch, jenom\u017ee kdy\u017e potom jsme s partnerem, hledali n\u011bjak\u00fd d\u016fm, proto\u017ee jsme m\u011bli hypot\u00e9ku, tak jsme se st\u00e1le jenom h\u00e1dali. V\u016fbec jsme nev\u011bd\u011bli, jak\u00fd d\u016fm si po\u0159\u00edd\u00edme. Partner cht\u011bl n\u011bjak\u00fd opravdu velik\u00fd d\u016fm na vesnici s velikou zahradou, jenom\u017ee j\u00e1 jsem vid\u011bla t\u00e9m\u011b\u0159 opak.Necht\u011bla jsem \u017e\u00e1dn\u00fd mal\u00fd byt, ale cht\u011bla jsem mal\u00fd dome\u010dek n\u011bkde na kraji m\u011bsta, proto\u017ee j\u00e1 jedin\u00e1 z rodiny nem\u00e1m v\u016fbec \u017e\u00e1dn\u00e9 \u0159idi\u010dsk\u00e9 opr\u00e1vn\u011bn\u00ed. A taky jsem necht\u011bla n\u011bkdy z vesnice jezdit autobusem. Proto\u017ee v autobuse m\u011b to nebav\u00ed a nechce jezdit autobusem a kdybych bydlela n\u011bkde na kraji m\u011bsta, kde bych chodila i do pr\u00e1ce, tak bych mohla jezdit na kole nebo na elektrokolob\u011b\u017ece anebo chodit tak\u00e9 p\u011b\u0161ky. Jednozna\u010dn\u011b bych se nemusela v\u016fbec spol\u00e9hat na autobus anebo na vlak. Tohle jsem v\u016fbec necht\u011bla p\u0159ipustit. Z partnera bys mi je\u0161t\u011b asi m\u011bs\u00edc. V tomhle mluvili a \u0159\u00edkali jsme si pro a proti.Co je pro velik\u00fd d\u016fm a co je proti zase pro velik\u00fd d\u016fm? Anebo tak\u00e9 naopak. Nakonec to dopadlo tak, \u017ee mnoho lid\u00ed si ji v\u017edycky d\u00e1v\u00e1 rad\u011bji z\u00e1le\u017eet na tom, aby m\u011bli opravdu kr\u00e1sn\u00e9 bydlen\u00ed, aby to m\u011bli \u010dist\u00e9 a tak\u00e9 tak, aby to m\u011bli podle sebe, proto\u017ee n\u011bkte\u0159\u00ed lid\u00e9 maj\u00ed sny, jak by jejich bydlen\u00ed m\u011blo vypadat. A je \u00fapln\u011b fuk, jestli je to byt anebo d\u016fm. Nakonec to pro m\u011b dopadlo opravdu perfektn\u011b. M\u00e1me takov\u00fd mal\u00fd dome\u010dek na kraji vesnice a partner tam m\u00e1, ale nav\u00edc velikou zahradu a je z toho opravdu maxim\u00e1ln\u011b nad\u0161en\u00fd. Opravdu jsem byla r\u00e1da, \u017ee m\u00e9mu partnerovi se l\u00edb\u00ed na\u0161e bydlen\u00ed. Nav\u00edc tak\u00e9 pl\u00e1nujeme, \u017ee si po\u0159\u00edd\u00edme alespo\u0148 psa a ko\u010dku, proto\u017ee jako mal\u00e1 holka jsem vyr\u016fstala se zv\u00ed\u0159aty a cht\u011bla bych s nimi z\u016fstat i nad\u00e1le.\u00a0                                                                                                                                                                                                                                                                                                                                                                                        4.5\/5 - (13 votes)        "},{"@context":"https:\/\/schema.org\/","@type":"BreadcrumbList","itemListElement":[{"@type":"ListItem","position":1,"name":"D\u016fm na kraji m\u011bsta","item":"https:\/\/www.hetcl.cz\/dum-na-kraji-mesta\/#breadcrumbitem"}]}]