[{"@context":"https:\/\/schema.org\/","@type":"Article","@id":"https:\/\/www.hetcl.cz\/harmonie-barev-i-materialu\/#Article","mainEntityOfPage":"https:\/\/www.hetcl.cz\/harmonie-barev-i-materialu\/","headline":"Harmonie barev i materi\u00e1lu","name":"Harmonie barev i materi\u00e1lu","description":"Nel\u00edb\u00ed se v\u00e1m, \u017ee v\u00e1\u0161 n\u00e1bytek k sob\u011b nelad\u00ed? Pak m\u016f\u017eete za\u010d\u00edt od za\u010d\u00e1tku a kupovat si jeden kousek za druh\u00fdm v tom stejn\u00e9m d\u0159ev\u011b, nebo sta\u010d\u00ed vym\u011bnit to, co se nehod\u00ed. V\u011bt\u0161inou to b\u00fdv\u00e1 \u00falo\u017en\u00fd prostor, kter\u00fd je mnohdy t\u011b\u017ek\u00e9 sehnat. M\u016f\u017eete si tak koupit vestav\u011bn\u00e9 sk\u0159\u00edn\u011b Praha, kter\u00e9 nab\u00edz\u00edme v r\u016fzn\u00fdch proveden\u00edch i [&hellip;]","datePublished":"2024-11-12","dateModified":"2024-11-12","author":{"@type":"Person","@id":"https:\/\/www.hetcl.cz\/author\/#Person","name":"","url":"https:\/\/www.hetcl.cz\/author\/","identifier":1,"image":{"@type":"ImageObject","@id":"https:\/\/secure.gravatar.com\/avatar\/40308b9402d145b1dc164f447b6506e9dadca8c8362c3ffb52df95e789c0fd10?s=96&d=mm&r=g","url":"https:\/\/secure.gravatar.com\/avatar\/40308b9402d145b1dc164f447b6506e9dadca8c8362c3ffb52df95e789c0fd10?s=96&d=mm&r=g","height":96,"width":96}},"publisher":{"@type":"Organization","name":"hetcl.cz","logo":{"@type":"ImageObject","@id":"\/logo.png","url":"\/logo.png","width":600,"height":60}},"url":"https:\/\/www.hetcl.cz\/harmonie-barev-i-materialu\/","wordCount":176,"articleBody":"Nel\u00edb\u00ed se v\u00e1m, \u017ee v\u00e1\u0161 n\u00e1bytek k sob\u011b nelad\u00ed? Pak m\u016f\u017eete za\u010d\u00edt od za\u010d\u00e1tku a kupovat si jeden kousek za druh\u00fdm v tom stejn\u00e9m d\u0159ev\u011b, nebo sta\u010d\u00ed vym\u011bnit to, co se nehod\u00ed. V\u011bt\u0161inou to b\u00fdv\u00e1 \u00falo\u017en\u00fd prostor, kter\u00fd je mnohdy t\u011b\u017ek\u00e9 sehnat. M\u016f\u017eete si tak koupit vestav\u011bn\u00e9 sk\u0159\u00edn\u011b Praha, kter\u00e9 nab\u00edz\u00edme v r\u016fzn\u00fdch proveden\u00edch i d\u0159evech.Stejnorod\u00fd n\u00e1bytekBije v\u00e1s do o\u010d\u00ed, jak ka\u017ed\u00fd druh n\u00e1bytku je vyroben z jin\u00e9ho materi\u00e1lu? Jeden z dubu, druh\u00fd z borovice, t\u0159et\u00ed ze t\u0159e\u0161n\u011b? Pokud u\u017e se na to nem\u016f\u017eete d\u00edvat, pak se rozhodn\u011bte pro \u00faplnou rekonstrukci pokoje nebo jen nahra\u010fte nevhodn\u00fd kus n\u00e1bytku za jin\u00fd. My se v\u00e1m postar\u00e1me o vestav\u011bn\u00e9 sk\u0159\u00edn\u011b Praha, kter\u00e9 m\u016f\u017eete vyu\u017e\u00edt nejen do ob\u00fdvac\u00edch pokoj\u016f, ale tak\u00e9 do lo\u017enice, d\u011btsk\u00fdch pokoj\u016f \u010di pracoven.                                                                                                                                                                                                                                                                                                                                                                                        4.5\/5 - (2 votes)        "},{"@context":"https:\/\/schema.org\/","@type":"BreadcrumbList","itemListElement":[{"@type":"ListItem","position":1,"name":"Harmonie barev i materi\u00e1lu","item":"https:\/\/www.hetcl.cz\/harmonie-barev-i-materialu\/#breadcrumbitem"}]}]