[{"@context":"https:\/\/schema.org\/","@type":"Article","@id":"https:\/\/www.hetcl.cz\/pokoj-pro-predskolaka\/#Article","mainEntityOfPage":"https:\/\/www.hetcl.cz\/pokoj-pro-predskolaka\/","headline":"Pokoj pro p\u0159ed\u0161kol\u00e1ka","name":"Pokoj pro p\u0159ed\u0161kol\u00e1ka","description":"Va\u0161e d\u011bti tak stra\u0161n\u011b rychle rostou. Ned\u00e1vno jste si je dovezli dom\u016f z porodnice, jako m\u00e9 uzl\u00ed\u010dky \u0161t\u011bst\u00ed, kter\u00e1 je\u0161t\u011b ani nevid\u00ed, ale poslouchaj\u00ed v\u00e1\u0161 hlas. Tihle malinc\u00ed, tak rychle vyrostou, jako m\u00e1vnut\u00ed kouzeln\u00fdm proutkem. Ne\u017e se nad\u00e1me, tak si za\u010dnou pro sebe breptat, usm\u00edvat se a zjist\u00ed, \u017ee si m\u016f\u017eou cucat ru\u010di\u010dku. Potom se [&hellip;]","datePublished":"2023-10-14","dateModified":"2024-05-24","author":{"@type":"Person","@id":"https:\/\/www.hetcl.cz\/author\/#Person","name":"","url":"https:\/\/www.hetcl.cz\/author\/","identifier":1,"image":{"@type":"ImageObject","@id":"https:\/\/secure.gravatar.com\/avatar\/40308b9402d145b1dc164f447b6506e9dadca8c8362c3ffb52df95e789c0fd10?s=96&d=mm&r=g","url":"https:\/\/secure.gravatar.com\/avatar\/40308b9402d145b1dc164f447b6506e9dadca8c8362c3ffb52df95e789c0fd10?s=96&d=mm&r=g","height":96,"width":96}},"publisher":{"@type":"Organization","name":"hetcl.cz","logo":{"@type":"ImageObject","@id":"\/logo.png","url":"\/logo.png","width":600,"height":60}},"image":{"@type":"ImageObject","@id":"https:\/\/www.hetcl.cz\/wp-content\/uploads\/igor-starkov-8u-OaI3MZrc-unsplash.jpg","url":"https:\/\/www.hetcl.cz\/wp-content\/uploads\/igor-starkov-8u-OaI3MZrc-unsplash.jpg","height":0,"width":0},"url":"https:\/\/www.hetcl.cz\/pokoj-pro-predskolaka\/","about":["D\u016fm"],"wordCount":488,"articleBody":"       Va\u0161e d\u011bti tak stra\u0161n\u011b rychle rostou. Ned\u00e1vno jste si je dovezli dom\u016f z porodnice, jako m\u00e9 uzl\u00ed\u010dky \u0161t\u011bst\u00ed, kter\u00e1 je\u0161t\u011b ani nevid\u00ed, ale poslouchaj\u00ed v\u00e1\u0161 hlas. Tihle malinc\u00ed, tak rychle vyrostou, jako m\u00e1vnut\u00ed kouzeln\u00fdm proutkem. Ne\u017e se nad\u00e1me, tak si za\u010dnou pro sebe breptat, usm\u00edvat se a zjist\u00ed, \u017ee si m\u016f\u017eou cucat ru\u010di\u010dku. Potom se za\u010dnou to\u010dit n a b\u0159\u00ed\u0161ko a posunovat se do p\u0159edu, za obl\u00edbenou hra\u010dkou. Kdy tak zase rychle vyrostli. Va\u0161im d\u011btem za\u010dnou r\u016fst prvn\u00ed zoubky a d\u011blat prvn\u00ed kr\u016f\u010dky. T\u0159i roky utekly jako voda a nastupuj\u00ed do \u0161koly. Op\u011bt vyrostli o n\u011bkolik centimetr\u016f a u\u017e jsou z nich p\u0159ed\u0161kol\u00e1ci. Na d\u011btech vid\u00edme, jak st\u00e1rneme a \u017ee \u010das je ne\u00faprosn\u00fd. Plyne rychle a my m\u00e1me co d\u011blat abychom stihli v\u0161echno, co chceme ud\u011blat. N\u011bkdy bychom si ho p\u0159\u00e1li taky zastavit, alespo\u0148 na chvilku. Kdy\u017e u\u017e m\u00e1te doma mal\u00e9ho p\u0159ed\u0161kola\u010dka, tak by se z jeho d\u011btsk\u00e9 pokoj\u00ed\u010dku m\u011bl st\u00e1t studentsk\u00fd pokoj. Nikam nemus\u00edte sp\u011bchat, st\u00e1le mu zanechte d\u011btstv\u00ed. Jenom \u017ee pokoj\u00ed\u010dek je mal\u00fd a bohu\u017eel nem\u00e1te v\u011bt\u0161\u00ed m\u00edstnost, kam byste pokoj\u00edk mohli p\u0159est\u011bhovat. A na v\u00edc m\u00e1te je\u0161t\u011b jedno d\u00edt\u011b, kter\u00e9 v m\u00edstnosti sp\u00ed taky a m\u00e1 tam i hra\u010dky. Tak jak to v takov\u00e9m p\u0159\u00edpad\u011b ud\u011blat? Jak nejl\u00edp p\u0159est\u011bhovat pokoj, kdy\u017e ho obydluje je\u0161t\u011b dal\u0161\u00ed, men\u0161\u00ed d\u00edt\u011b? D\u016fle\u017eit\u00e9 je rozhodnout se, zda v pokoji pot\u0159ebuj\u00ed m\u00edt tolik hra\u010dek, kolik maj\u00ed. D\u011bti rostou a o hra\u010dky se zaj\u00edmaj\u00ed \u010d\u00edm d\u00e1l ti m\u00ed\u0148. Pamatujte si, \u010d\u00edm m\u00e9n\u011b, t\u00edm l\u00edp. Jak pro d\u011bti, tak i pro v\u00e1s p\u0159i \u00faklidu. Pokud si ale st\u00e1le nev\u00edte rady. Tak co kdybyste \u00fapravu pokoj\u00edku nechali na n\u011bjak\u00e9m odborn\u00edkovi. V dne\u0161n\u00ed dob\u011b je to u\u017e norm\u00e1ln\u00ed. N\u011bkdo si m\u016f\u017ee klepat na \u010delo, pro\u010d vyhazujete pen\u00edze za takovou zbyte\u010dnost. Ale j\u00e1 si mysl\u00edm, \u017ee tohle je skv\u011bl\u00e1 cesta ke spokojenosti obou stran\u00e1m. Vy budete m\u00edt pokoj\u00edk, kter\u00fd bude jak pro p\u0159ed\u0161kol\u00e1ka, tak i pro men\u0161\u00ed d\u00edt\u011b. Budou tam m\u00edt m\u00edsto a \u00falo\u017en\u00e9 prostory. Nechejte si ud\u011blat n\u00e1vrh d\u011btsk\u00e9ho pokoje https:\/\/bydesign.cz\/cat\/detske, kter\u00fd v\u00e1m opravdu usnadn\u00ed p\u0159emis\u0165ov\u00e1n\u00ed, m\u011b\u0159en\u00ed a vym\u00fd\u0161len\u00ed a pak zjist\u00edte, \u017ee takhle to opravdu nep\u016fjde. Pro\u010d si pr\u00e1ci trochu neuleh\u010dit, kdy\u017e m\u00e1te tu mo\u017enost.                                                                                                                                                                                                                                                                                                                                                                                           4.2\/5 - (5 votes)        "},{"@context":"https:\/\/schema.org\/","@type":"BreadcrumbList","itemListElement":[{"@type":"ListItem","position":1,"name":"Pokoj pro p\u0159ed\u0161kol\u00e1ka","item":"https:\/\/www.hetcl.cz\/pokoj-pro-predskolaka\/#breadcrumbitem"}]}]