[{"@context":"https:\/\/schema.org\/","@type":"Article","@id":"https:\/\/www.hetcl.cz\/poznejte-krasy-more\/#Article","mainEntityOfPage":"https:\/\/www.hetcl.cz\/poznejte-krasy-more\/","headline":"Poznejte kr\u00e1sy mo\u0159e","name":"Poznejte kr\u00e1sy mo\u0159e","description":"Zaj\u00edm\u00e1 v\u00e1s, jak m\u016f\u017ee vypadat mo\u0159e v Chorvatsku? Jestli\u017ee ano, pro\u010d se tam nevyd\u00e1te? Ur\u010dit\u011b by to mohlo st\u00e1t za to, a to d\u00edky mnoha d\u016fvod\u016fm. Nebude to jen kr\u00e1sn\u00e1 voda, kter\u00e1 bude \u010dist\u00e1 a kter\u00e1 bude ka\u017ed\u00fd den l\u00e1kat pro koup\u00e1n\u00ed, ale bude to i pozn\u00e1v\u00e1n\u00ed r\u016fzn\u00fdch pam\u00e1tek, kter\u00e9 se v\u00e1m pro svou kr\u00e1su [&hellip;]","datePublished":"2023-06-21","dateModified":"2024-06-24","author":{"@type":"Person","@id":"https:\/\/www.hetcl.cz\/author\/#Person","name":"","url":"https:\/\/www.hetcl.cz\/author\/","identifier":1,"image":{"@type":"ImageObject","@id":"https:\/\/secure.gravatar.com\/avatar\/40308b9402d145b1dc164f447b6506e9dadca8c8362c3ffb52df95e789c0fd10?s=96&d=mm&r=g","url":"https:\/\/secure.gravatar.com\/avatar\/40308b9402d145b1dc164f447b6506e9dadca8c8362c3ffb52df95e789c0fd10?s=96&d=mm&r=g","height":96,"width":96}},"publisher":{"@type":"Organization","name":"hetcl.cz","logo":{"@type":"ImageObject","@id":"\/logo.png","url":"\/logo.png","width":600,"height":60}},"url":"https:\/\/www.hetcl.cz\/poznejte-krasy-more\/","wordCount":252,"articleBody":"Zaj\u00edm\u00e1 v\u00e1s, jak m\u016f\u017ee vypadat mo\u0159e v Chorvatsku? Jestli\u017ee ano, pro\u010d se tam nevyd\u00e1te? Ur\u010dit\u011b by to mohlo st\u00e1t za to, a to d\u00edky mnoha d\u016fvod\u016fm. Nebude to jen kr\u00e1sn\u00e1 voda, kter\u00e1 bude \u010dist\u00e1 a kter\u00e1 bude ka\u017ed\u00fd den l\u00e1kat pro koup\u00e1n\u00ed, ale bude to i pozn\u00e1v\u00e1n\u00ed r\u016fzn\u00fdch pam\u00e1tek, kter\u00e9 se v\u00e1m pro svou kr\u00e1su skute\u010dn\u011b zal\u00edb\u00ed. M\u016f\u017eete se proto sami p\u0159esv\u011bd\u010dit o tom, \u017ee tato zem\u011b m\u00e1 co nab\u00eddnout. Ur\u010dit\u011b pro v\u00e1s ale bude velkou ot\u00e1zkou, kde se m\u00e1te ubytovat. To je d\u016fle\u017eit\u00e9 zajistit je\u0161t\u011b p\u0159edt\u00edm, ne\u017e se do t\u00e9to zem\u011b vyd\u00e1te.Mnoho mo\u017enost\u00edD\u00edky tomu, \u017ee do t\u00e9to kr\u00e1sn\u00e9 zem\u011b putuje hodn\u011b \u010cech\u016f, m\u016f\u017eete si b\u00fdt jisti, \u017ee o ubytov\u00e1n\u00ed Chorvatsko nebude nouze. M\u016f\u017eete zde naj\u00edt jak kvalitn\u00ed kempy, tak r\u016fzn\u00e9 apartm\u00e1ny, nebo dokonce i hotely, kter\u00e9 v\u00e1m skv\u011ble poslou\u017e\u00ed pro to, abyste si mohli u\u017e\u00edt t\u00fdden, nebo t\u0159eba del\u0161\u00ed dobu u skv\u011bl\u00e9 a tepl\u00e9 vody. Uvid\u00edte, \u017ee se tato dovolen\u00e1 stane va\u0161\u00ed nejobl\u00edben\u011bj\u0161\u00ed, a to z mnoha d\u016fvod\u016f. Nev\u00e1hejte proto ani chv\u00edli, toto je p\u0159\u00edle\u017eitost pro v\u0161echny ty, kte\u0159\u00ed cht\u011bj\u00ed cestovat a kte\u0159\u00ed by r\u00e1di poznali tuto jadranskou perlu.                                                                                                                                                                                                                                                                                                                                                                                        4\/5 - (5 votes)        "},{"@context":"https:\/\/schema.org\/","@type":"BreadcrumbList","itemListElement":[{"@type":"ListItem","position":1,"name":"Poznejte kr\u00e1sy mo\u0159e","item":"https:\/\/www.hetcl.cz\/poznejte-krasy-more\/#breadcrumbitem"}]}]