[{"@context":"https:\/\/schema.org\/","@type":"Article","@id":"https:\/\/www.hetcl.cz\/pozor-na-politiku\/#Article","mainEntityOfPage":"https:\/\/www.hetcl.cz\/pozor-na-politiku\/","headline":"Pozor na politiku","name":"Pozor na politiku","description":"Zaj\u00edm\u00e1te se o politiku? Je opravdu hodn\u011b lid\u00ed, kte\u0159\u00ed se zaj\u00edmaj\u00ed o politiku, proto\u017ee je politika bav\u00ed, ale kdybych se m\u011bla zaj\u00edmat sama o sebe, tak by to bylo n\u011bco \u00fapln\u011b jin\u00e9ho. J\u00e1 sama o sebe pe\u010duji. Ale abych se vr\u00e1tila zp\u00e1tky k politice, politiku m\u00e1m sice r\u00e1da, ale jenom ji takhle poslouch\u00e1m, ale do [&hellip;]","datePublished":"2024-10-31","dateModified":"2024-10-31","author":{"@type":"Person","@id":"https:\/\/www.hetcl.cz\/author\/#Person","name":"","url":"https:\/\/www.hetcl.cz\/author\/","identifier":1,"image":{"@type":"ImageObject","@id":"https:\/\/secure.gravatar.com\/avatar\/40308b9402d145b1dc164f447b6506e9dadca8c8362c3ffb52df95e789c0fd10?s=96&d=mm&r=g","url":"https:\/\/secure.gravatar.com\/avatar\/40308b9402d145b1dc164f447b6506e9dadca8c8362c3ffb52df95e789c0fd10?s=96&d=mm&r=g","height":96,"width":96}},"publisher":{"@type":"Organization","name":"hetcl.cz","logo":{"@type":"ImageObject","@id":"\/logo.png","url":"\/logo.png","width":600,"height":60}},"image":{"@type":"ImageObject","@id":"https:\/\/www.hetcl.cz\/wp-content\/uploads\/robert-harbeck-6606334_1280_1.jpg","url":"https:\/\/www.hetcl.cz\/wp-content\/uploads\/robert-harbeck-6606334_1280_1.jpg","height":0,"width":0},"url":"https:\/\/www.hetcl.cz\/pozor-na-politiku\/","about":["Politika"],"wordCount":411,"articleBody":"Zaj\u00edm\u00e1te se o politiku? Je opravdu hodn\u011b lid\u00ed, kte\u0159\u00ed se zaj\u00edmaj\u00ed o politiku, proto\u017ee je politika bav\u00ed, ale kdybych se m\u011bla zaj\u00edmat sama o sebe, tak by to bylo n\u011bco \u00fapln\u011b jin\u00e9ho. J\u00e1 sama o sebe pe\u010duji. Ale abych se vr\u00e1tila zp\u00e1tky k politice, politiku m\u00e1m sice r\u00e1da, ale jenom ji takhle poslouch\u00e1m, ale do politiky bych v\u016fbec ne\u0161la kandidovat. Tohle nen\u00ed v\u016fbec m\u016fj styl, proto jsem si \u0159ekla, \u017ee kandidovat do politiky asi nikdy nebudu. Nejhor\u0161\u00ed na tom bylo, \u017ee moje sestra i m\u016fj bratr, oba dva\u00a0cht\u011bli kandidovat do politiky. Zkou\u0161ela jsem jim to rozmluvit, proto\u017ee jsem se b\u00e1la, \u017ee potom tak\u00e9 jim n\u011bkdo bude vyhro\u017eovat. Opravdu v\u0161ichni v\u00edme, jak to b\u00fdv\u00e1\u00a0n\u011bkdy opravdu hodn\u011b n\u00e1ro\u010dn\u00e9 a slo\u017eit\u00e9, kdy\u017e je n\u011bkdo v politice, proto\u017ee jsou n\u011bkte\u0159\u00ed lid\u00e9, kte\u0159\u00ed nemaj\u00ed r\u00e1di politiku anebo politiky \u010di politick\u00e9 strany, tak jim potom vyhro\u017euj\u00ed. A to je podle m\u00e9ho n\u00e1zoru opravdu hodn\u011b smutn\u00e9\u00a0a pon\u00ed\u017een\u00e9. Dok\u00e1zali byste n\u011bkomu nad\u00e1vat jenom kv\u016fli tomu, \u017ee je v politice\u00a0nebo \u017ee se zaj\u00edm\u00e1 o politiku? Pokud ano, tak je to velice smutn\u00e9. J\u00e1 bych tohle nikdy neud\u011blala. J\u00e1 sice politiku poslouch\u00e1m a m\u00e1m svou obl\u00edbenou politickou stranu anebo politi\u010dku \u010di politika, ale tak\u00e9 to nikomu ne\u0159\u00edk\u00e1m, proto\u017ee jsem se dozv\u011bd\u011bla, \u017ee n\u011bkte\u0159\u00ed lid\u00e9, kdy\u017e nesouhlas\u00ed s n\u011bjakou politickou stranou, tak jsou potom na\u0161tvan\u00ed i na ty lidi, kte\u0159\u00ed se t\u0159eba o politiku zaj\u00edmaj\u00ed aktivn\u011b.To je podle m\u00e9ho n\u00e1zoru takov\u00e9 nespravedliv\u00e9 a nem\u011blo by to tak b\u00fdt, proto\u00a0jsem si \u0159ekla, \u017ee je smutn\u00e9, kdy\u017e lid\u00e9 si vlastn\u011b p\u0159estanou rozum\u011bt jenom na z\u00e1klad\u011b toho, \u017ee n\u011bkdo m\u00e1 obl\u00edbenou jinou politickou stranu ne\u017e ten druh\u00fd\u00a0\u010dlov\u011bk. Podle m\u00e9ho n\u00e1zoru je to takov\u00e9 d\u011btinsk\u00e9. V\u017edy\u0165 ka\u017ed\u00fd\u00a0\u010dlov\u011bk by si m\u011bl rozum\u011bt s t\u00edm \u010dlov\u011bkem, se kter\u00fdm si rozum\u00ed, a nejenom na z\u00e1klad\u011b toho, kterou politickou stranu vyzn\u00e1v\u00e1 anebo koho \u0161el volit k volb\u00e1m. Podle m\u00e9ho n\u00e1zoru je to byla opravdu naprost\u00e1 blbost a m\u011blo by se tohle zm\u011bnit.\u00a0                                                                                                                                                                                                                                                                                                                                                                                        4.6\/5 - (5 votes)        "},{"@context":"https:\/\/schema.org\/","@type":"BreadcrumbList","itemListElement":[{"@type":"ListItem","position":1,"name":"Pozor na politiku","item":"https:\/\/www.hetcl.cz\/pozor-na-politiku\/#breadcrumbitem"}]}]