[{"@context":"https:\/\/schema.org\/","@type":"Article","@id":"https:\/\/www.hetcl.cz\/senior-v-bezpeci\/#Article","mainEntityOfPage":"https:\/\/www.hetcl.cz\/senior-v-bezpeci\/","headline":"Senior v bezpe\u010d\u00ed","name":"Senior v bezpe\u010d\u00ed","description":"Jak se velice trefn\u011b \u0159\u00edk\u00e1 k\u016f\u0148 je jednou h\u0159\u00edb\u011btem, \u010dlov\u011bk dvakr\u00e1t d\u00edt\u011btem. Ka\u017ed\u00fd z n\u00e1s jednou zest\u00e1rne a je pot\u0159eba si uv\u011bdomit, \u017ee pomalu budeme ztr\u00e1cet na\u0161e s\u00edly, kter\u00e9 te\u010f m\u00e1me a bez kter\u00fdch si sv\u016fj \u017eivot ani nedok\u00e1\u017eeme p\u0159edstavit. \u010casem se m\u016f\u017ee st\u00e1t, \u017ee tak budeme z\u00e1visl\u00ed na sv\u00e9m okol\u00ed, co\u017e jist\u011b nen\u00ed p\u0159\u00edjemn\u00fd [&hellip;]","datePublished":"2024-11-05","dateModified":"2024-11-05","author":{"@type":"Person","@id":"https:\/\/www.hetcl.cz\/author\/#Person","name":"","url":"https:\/\/www.hetcl.cz\/author\/","identifier":1,"image":{"@type":"ImageObject","@id":"https:\/\/secure.gravatar.com\/avatar\/40308b9402d145b1dc164f447b6506e9dadca8c8362c3ffb52df95e789c0fd10?s=96&d=mm&r=g","url":"https:\/\/secure.gravatar.com\/avatar\/40308b9402d145b1dc164f447b6506e9dadca8c8362c3ffb52df95e789c0fd10?s=96&d=mm&r=g","height":96,"width":96}},"publisher":{"@type":"Organization","name":"hetcl.cz","logo":{"@type":"ImageObject","@id":"\/logo.png","url":"\/logo.png","width":600,"height":60}},"image":{"@type":"ImageObject","@id":"https:\/\/www.hetcl.cz\/wp-content\/uploads\/tla%C4%8D%C3%ADtko.png","url":"https:\/\/www.hetcl.cz\/wp-content\/uploads\/tla%C4%8D%C3%ADtko.png","height":0,"width":0},"url":"https:\/\/www.hetcl.cz\/senior-v-bezpeci\/","about":["Produkty"],"wordCount":442,"articleBody":"       Jak se velice trefn\u011b \u0159\u00edk\u00e1 k\u016f\u0148 je jednou h\u0159\u00edb\u011btem, \u010dlov\u011bk dvakr\u00e1t d\u00edt\u011btem. Ka\u017ed\u00fd z n\u00e1s jednou zest\u00e1rne a je pot\u0159eba si uv\u011bdomit, \u017ee pomalu budeme ztr\u00e1cet na\u0161e s\u00edly, kter\u00e9 te\u010f m\u00e1me a bez kter\u00fdch si sv\u016fj \u017eivot ani nedok\u00e1\u017eeme p\u0159edstavit. \u010casem se m\u016f\u017ee st\u00e1t, \u017ee tak budeme z\u00e1visl\u00ed na sv\u00e9m okol\u00ed, co\u017e jist\u011b nen\u00ed p\u0159\u00edjemn\u00fd pocit a v\u0161ichni se na n\u011bj budeme muset zvyknout, proto\u017ee se stane sou\u010d\u00e1st\u00ed na\u0161eho nov\u00e9ho \u017eivota. Je na n\u00e1s, jak si v dosp\u011blosti za\u0159\u00edd\u00edme sv\u00e9 st\u00e1\u0159\u00ed, proto\u017ee se na n\u011bj p\u0159ipravit m\u016f\u017eeme. Je ale nutn\u00e9 za\u010d\u00edt na n\u011bj myslet v\u010das, kdy je\u0161t\u011b m\u00e1me plno sil a m\u016f\u017eeme se svobodn\u011b rozhodnout, co p\u0159esn\u011b si ve st\u00e1\u0159\u00ed p\u0159ejeme. Je vhodn\u00e9 z\u016fstat realistou a uv\u011bdomit si, co v\u0161echno vlastn\u011b s rostouc\u00edm v\u011bkem pozbudeme. Za p\u00e1r let u\u017e mo\u017en\u00e1 nebudeme schopni postarat se o cel\u00fd velk\u00fd d\u016fm a zahradu, kterou nyn\u00ed ob\u00fdv\u00e1me a budeme se muset p\u0159est\u011bhovat do n\u011b\u010deho men\u0161\u00edho, kde bude m\u00e9n\u011b p\u0159ek\u00e1\u017eek a celkov\u011b bude tento prostor p\u0159izp\u016fsoben\u00fd star\u0161\u00edmu \u010dlov\u011bku. My tak\u00e9 pot\u0159ebovat l\u00e9ka\u0159skou pomoc, kter\u00e1 by m\u011bla b\u00fdt v dosa\u017eiteln\u00e9 vzd\u00e1lenosti. Mo\u017en\u00e1 budeme pot\u0159ebovat pomocnou ruku k n\u00e1kupu, va\u0159en\u00ed a starosti o sebe sama. Sta\u0159\u00ed lid\u00e9 jsou velmi k\u0159ehc\u00ed. A je pot\u0159eba na n\u011b d\u00e1vat v\u011bt\u0161\u00ed pozor. Jsou n\u00e1chyln\u011bj\u0161\u00ed ke podvy\u017eiven\u00ed, infekc\u00edm p\u00e1d\u016fm a zran\u011bn\u00edm.Je vhodn\u00e9 p\u0159em\u00fd\u0161let nad t\u00edm, kam se dostanu v moment\u011b, kdy u\u017e o sebe v\u016fbec nebudu schopn\u00fd se starat s\u00e1m. Zjistit si mo\u017enosti, kter\u00e9 v okol\u00ed jsou a kter\u00e9 bych t\u0159eba r\u00e1d vyu\u017eil. Nap\u0159\u00edklad n\u011bkter\u00e9 domovy pro seniory p\u0159ij\u00edmaj\u00ed \u017e\u00e1dosti ji\u017e mnoho let dop\u0159edu. Pokud svou \u017e\u00e1dost pod\u00e1te za v\u010das, m\u016f\u017eete si b\u00fdt jisti, \u017ee a\u017e to budete opravdu pot\u0159ebovat, bude pro v\u00e1s voln\u00e9 m\u00edsto. Pokud m\u00e1te ve sv\u00e9 rodin\u011b seniora, u kter\u00e9ho nem\u016f\u017eete b\u00fdt neust\u00e1le p\u0159\u00edtomni, m\u016f\u017eete mu za\u0159\u00eddit tla\u010d\u00edtko pro seniory, kter\u00e9 po zm\u00e1\u010dknut\u00ed za\u0161le zpr\u00e1vu, na kterou m\u016f\u017eete ihned zareagovat. Takto budete neust\u00e1le ve spojen\u00ed a V\u00e1\u0161 st\u00e1rnouc\u00ed rodi\u010d bude v bezpe\u010d\u00ed.                                                                                                                                                                                                                                                                                                                                                                                          4.8\/5 - (6 votes)        "},{"@context":"https:\/\/schema.org\/","@type":"BreadcrumbList","itemListElement":[{"@type":"ListItem","position":1,"name":"Senior v bezpe\u010d\u00ed","item":"https:\/\/www.hetcl.cz\/senior-v-bezpeci\/#breadcrumbitem"}]}]